{"id":714,"date":"2018-03-27T11:16:51","date_gmt":"2018-03-27T09:16:51","guid":{"rendered":"http:\/\/g-werbe.net\/marc-bertram\/?p=714"},"modified":"2022-07-13T09:37:59","modified_gmt":"2022-07-13T07:37:59","slug":"phobesen","status":"publish","type":"post","link":"https:\/\/www.marc-bertram.de\/Skulpturen\/phobesen\/","title":{"rendered":"Phobesen"},"content":{"rendered":"<p><img decoding=\"async\" class=\"aligncenter size-full wp-image-1396\" src=\"https:\/\/www.marc-bertram.de\/Skulpturen\/wp-content\/uploads\/2018\/04\/phob.jpg\" alt=\"\" width=\"741\" height=\"1000\" \/><\/p>\n<p style=\"text-align: center;\"><span style=\"color: #999999;\"><span style=\"font-family: arial;\">Phobesen<\/span><br \/>\nEiche, Haselnuss, Elaston<\/span><br \/>\n<span style=\"color: #999999;\">195 x 64 x 25 cm<\/span><\/p>\n<p><span style=\"color: #999999;\">Ein Ph\u00e4nomen ist dieses einzigartige Museumsst\u00fcck aus der Arbeitsger\u00e4tesondersammlung des Bierberger Besenfabrikants und Sammlers Marc Bertram.<\/span><\/p>\n<p><span style=\"color: #999999;\">Schon in der Entstehungsphase entwickelte sich eine kuriose Symbiose zwischen dem Meister und seinem Werkst\u00fcck. Fundierte Quellen aus der Geschichte lassen Parallelen zu dem Jahr 1881 erkennen, dem Geburtsjahr von Pinocchio.<\/span><\/p>\n<p><span style=\"color: #999999;\">Nach psychologischem Gutachten soll es sich in diesem Beispiel um eine Polyphobie st\u00e4rksten Ausma\u00dfes handeln. Einhergehend mit der Amathophobie, der Automysophobie und der Amychophobie hat sich die Ergophobie zum Hauptproblem des sensiblen Phobesen entwickelt.<\/span><\/p>\n","protected":false},"excerpt":{"rendered":"<p>Phobesen Eiche, Haselnuss, Elaston 195 x 64 x 25 cm  [&#8230;]<\/p>\n","protected":false},"author":4,"featured_media":1396,"comment_status":"closed","ping_status":"open","sticky":false,"template":"","format":"standard","meta":{"footnotes":""},"categories":[54,3,5],"tags":[],"class_list":["post-714","post","type-post","status-publish","format-standard","has-post-thumbnail","hentry","category-startseite","category-holz","category-kombination-collagen"],"_links":{"self":[{"href":"https:\/\/www.marc-bertram.de\/Skulpturen\/wp-json\/wp\/v2\/posts\/714","targetHints":{"allow":["GET"]}}],"collection":[{"href":"https:\/\/www.marc-bertram.de\/Skulpturen\/wp-json\/wp\/v2\/posts"}],"about":[{"href":"https:\/\/www.marc-bertram.de\/Skulpturen\/wp-json\/wp\/v2\/types\/post"}],"author":[{"embeddable":true,"href":"https:\/\/www.marc-bertram.de\/Skulpturen\/wp-json\/wp\/v2\/users\/4"}],"replies":[{"embeddable":true,"href":"https:\/\/www.marc-bertram.de\/Skulpturen\/wp-json\/wp\/v2\/comments?post=714"}],"version-history":[{"count":8,"href":"https:\/\/www.marc-bertram.de\/Skulpturen\/wp-json\/wp\/v2\/posts\/714\/revisions"}],"predecessor-version":[{"id":4419,"href":"https:\/\/www.marc-bertram.de\/Skulpturen\/wp-json\/wp\/v2\/posts\/714\/revisions\/4419"}],"wp:featuredmedia":[{"embeddable":true,"href":"https:\/\/www.marc-bertram.de\/Skulpturen\/wp-json\/wp\/v2\/media\/1396"}],"wp:attachment":[{"href":"https:\/\/www.marc-bertram.de\/Skulpturen\/wp-json\/wp\/v2\/media?parent=714"}],"wp:term":[{"taxonomy":"category","embeddable":true,"href":"https:\/\/www.marc-bertram.de\/Skulpturen\/wp-json\/wp\/v2\/categories?post=714"},{"taxonomy":"post_tag","embeddable":true,"href":"https:\/\/www.marc-bertram.de\/Skulpturen\/wp-json\/wp\/v2\/tags?post=714"}],"curies":[{"name":"wp","href":"https:\/\/api.w.org\/{rel}","templated":true}]}}