{"id":701,"date":"2018-03-27T08:07:46","date_gmt":"2018-03-27T06:07:46","guid":{"rendered":"http:\/\/g-werbe.net\/marc-bertram\/?p=701"},"modified":"2022-07-13T09:34:58","modified_gmt":"2022-07-13T07:34:58","slug":"pendelbesen","status":"publish","type":"post","link":"https:\/\/www.marc-bertram.de\/Skulpturen\/pendelbesen\/","title":{"rendered":"Pendelbesen"},"content":{"rendered":"<p>&nbsp;<\/p>\n<p style=\"text-align: center;\"><img decoding=\"async\" class=\"aligncenter wp-image-3301 size-full\" src=\"https:\/\/www.marc-bertram.de\/Skulpturen\/wp-content\/uploads\/2018\/03\/pendelb.jpg\" alt=\"\" width=\"727\" height=\"1000\" \/><\/p>\n<p style=\"text-align: center;\"><span style=\"color: #999999;\"><b>Pendelbesen<\/b><\/span><br \/>\n<span style=\"color: #999999;\">Eiche, Elaston<\/span><br \/>\n<span style=\"color: #999999;\">19 x 19 x 65 cm<\/span><\/p>\n<p><span style=\"color: #999999;\">Ich habe viele Menschen kennen gelernt, die dem Pendeln gegen\u00fcber &#8211; vorsichtig ausgedr\u00fcckt &#8211; sehr skeptisch eingestellt waren. Vor allem die Frage, wie ich denn sicher &#8222;wissen&#8220; k\u00f6nne, dass Pendeln funktioniert, wurde mir gestellt.<\/span><br \/>\n<span style=\"color: #999999;\">Ich habe sie dann meist eine kleine \u00dcbung durchf\u00fchren lassen, die bei jedem Anf\u00e4nger, der sich rudiment\u00e4r auf das Pendel einl\u00e4sst, Erfolg hat. Selbst die h\u00e4rtesten Esoterikkritiker meinten anschlie\u00dfend, dass &#8222;am Pendeln was dran sein muss&#8220;.<\/span><\/p>\n<p><span style=\"color: #999999;\">Richtig: Punktgenau trifft das Besenwunder den Dreck und entfernt ihn von der Stelle. Wissenschaftliche Tests haben dies best\u00e4tigt.<\/span><\/p>\n<p>&nbsp;<\/p>\n","protected":false},"excerpt":{"rendered":"<p>&nbsp; Pendelbesen Eiche, Elaston 19 x 19 x 65 cm  [&#8230;]<\/p>\n","protected":false},"author":4,"featured_media":3306,"comment_status":"closed","ping_status":"open","sticky":false,"template":"","format":"standard","meta":{"footnotes":""},"categories":[54,3,5],"tags":[],"class_list":["post-701","post","type-post","status-publish","format-standard","has-post-thumbnail","hentry","category-startseite","category-holz","category-kombination-collagen"],"_links":{"self":[{"href":"https:\/\/www.marc-bertram.de\/Skulpturen\/wp-json\/wp\/v2\/posts\/701","targetHints":{"allow":["GET"]}}],"collection":[{"href":"https:\/\/www.marc-bertram.de\/Skulpturen\/wp-json\/wp\/v2\/posts"}],"about":[{"href":"https:\/\/www.marc-bertram.de\/Skulpturen\/wp-json\/wp\/v2\/types\/post"}],"author":[{"embeddable":true,"href":"https:\/\/www.marc-bertram.de\/Skulpturen\/wp-json\/wp\/v2\/users\/4"}],"replies":[{"embeddable":true,"href":"https:\/\/www.marc-bertram.de\/Skulpturen\/wp-json\/wp\/v2\/comments?post=701"}],"version-history":[{"count":8,"href":"https:\/\/www.marc-bertram.de\/Skulpturen\/wp-json\/wp\/v2\/posts\/701\/revisions"}],"predecessor-version":[{"id":4406,"href":"https:\/\/www.marc-bertram.de\/Skulpturen\/wp-json\/wp\/v2\/posts\/701\/revisions\/4406"}],"wp:featuredmedia":[{"embeddable":true,"href":"https:\/\/www.marc-bertram.de\/Skulpturen\/wp-json\/wp\/v2\/media\/3306"}],"wp:attachment":[{"href":"https:\/\/www.marc-bertram.de\/Skulpturen\/wp-json\/wp\/v2\/media?parent=701"}],"wp:term":[{"taxonomy":"category","embeddable":true,"href":"https:\/\/www.marc-bertram.de\/Skulpturen\/wp-json\/wp\/v2\/categories?post=701"},{"taxonomy":"post_tag","embeddable":true,"href":"https:\/\/www.marc-bertram.de\/Skulpturen\/wp-json\/wp\/v2\/tags?post=701"}],"curies":[{"name":"wp","href":"https:\/\/api.w.org\/{rel}","templated":true}]}}