{"id":685,"date":"2018-03-27T10:55:26","date_gmt":"2018-03-27T08:55:26","guid":{"rendered":"http:\/\/g-werbe.net\/marc-bertram\/?p=685"},"modified":"2022-07-13T09:36:02","modified_gmt":"2022-07-13T07:36:02","slug":"oekobesen","status":"publish","type":"post","link":"https:\/\/www.marc-bertram.de\/Skulpturen\/oekobesen\/","title":{"rendered":"\u00d6kobesen"},"content":{"rendered":"<p><img decoding=\"async\" class=\"aligncenter size-full wp-image-2324\" src=\"https:\/\/www.marc-bertram.de\/Skulpturen\/wp-content\/uploads\/2018\/04\/oekobe-1.jpg\" alt=\"\" width=\"913\" height=\"1000\" \/><\/p>\n<p>&nbsp;<\/p>\n<p style=\"text-align: center;\"><span style=\"color: #999999;\"><strong>\u00d6kobesen<\/strong><\/span><br \/>\n<span style=\"color: #999999;\">Eiche, Elaston, Haselnuss<\/span><br \/>\n<span style=\"color: #999999;\">236 x 57 x 18 cm<\/span><\/p>\n<p><span style=\"color: #999999;\">Nicht nur sauber, sondern rein.<\/span><br \/>\n<span style=\"color: #999999;\">Er wehrt sich mit aller Kraft gegen jede Art von Dreck, l\u00e4sst den Kehricht einfach unter sich begraben und sorgt so nicht nur f\u00fcr stets hygienisch saubere Borsten, sondern auch f\u00fcr eine leere M\u00fclltonne.<\/span><br \/>\n<span style=\"color: #999999;\">\u201eM\u00fcllvermeidung ist in der heutigen Zeit wichtiger denn je. Es schont unsere Umwelt und nebenbei spare ich auch noch bei den M\u00fcllkosten. Den Besen benutze ich nun schon seit Jahren und die Borsten sind immer noch wie neu. Einfach genial.\u201c meint Frau B. aus H..<\/span><\/p>\n<p>&nbsp;<\/p>\n","protected":false},"excerpt":{"rendered":"<p>&nbsp; \u00d6kobesen Eiche, Elaston, Haselnuss 236 x 57 x 18  [&#8230;]<\/p>\n","protected":false},"author":4,"featured_media":2324,"comment_status":"closed","ping_status":"open","sticky":false,"template":"","format":"standard","meta":{"footnotes":""},"categories":[54,3,5],"tags":[],"class_list":["post-685","post","type-post","status-publish","format-standard","has-post-thumbnail","hentry","category-startseite","category-holz","category-kombination-collagen"],"_links":{"self":[{"href":"https:\/\/www.marc-bertram.de\/Skulpturen\/wp-json\/wp\/v2\/posts\/685","targetHints":{"allow":["GET"]}}],"collection":[{"href":"https:\/\/www.marc-bertram.de\/Skulpturen\/wp-json\/wp\/v2\/posts"}],"about":[{"href":"https:\/\/www.marc-bertram.de\/Skulpturen\/wp-json\/wp\/v2\/types\/post"}],"author":[{"embeddable":true,"href":"https:\/\/www.marc-bertram.de\/Skulpturen\/wp-json\/wp\/v2\/users\/4"}],"replies":[{"embeddable":true,"href":"https:\/\/www.marc-bertram.de\/Skulpturen\/wp-json\/wp\/v2\/comments?post=685"}],"version-history":[{"count":9,"href":"https:\/\/www.marc-bertram.de\/Skulpturen\/wp-json\/wp\/v2\/posts\/685\/revisions"}],"predecessor-version":[{"id":4410,"href":"https:\/\/www.marc-bertram.de\/Skulpturen\/wp-json\/wp\/v2\/posts\/685\/revisions\/4410"}],"wp:featuredmedia":[{"embeddable":true,"href":"https:\/\/www.marc-bertram.de\/Skulpturen\/wp-json\/wp\/v2\/media\/2324"}],"wp:attachment":[{"href":"https:\/\/www.marc-bertram.de\/Skulpturen\/wp-json\/wp\/v2\/media?parent=685"}],"wp:term":[{"taxonomy":"category","embeddable":true,"href":"https:\/\/www.marc-bertram.de\/Skulpturen\/wp-json\/wp\/v2\/categories?post=685"},{"taxonomy":"post_tag","embeddable":true,"href":"https:\/\/www.marc-bertram.de\/Skulpturen\/wp-json\/wp\/v2\/tags?post=685"}],"curies":[{"name":"wp","href":"https:\/\/api.w.org\/{rel}","templated":true}]}}