{"id":3414,"date":"2018-01-26T13:02:39","date_gmt":"2018-01-26T12:02:39","guid":{"rendered":"http:\/\/g-werbe.net\/marc-bertram\/?p=3414"},"modified":"2022-07-13T09:40:04","modified_gmt":"2022-07-13T07:40:04","slug":"integrated","status":"publish","type":"post","link":"https:\/\/www.marc-bertram.de\/Skulpturen\/integrated\/","title":{"rendered":"Integrated"},"content":{"rendered":"<p><img decoding=\"async\" class=\"aligncenter size-full wp-image-3415\" src=\"https:\/\/www.marc-bertram.de\/Skulpturen\/wp-content\/uploads\/2018\/11\/puls-intergated.jpg\" alt=\"\" width=\"1703\" height=\"2425\" \/><\/p>\n<p>&nbsp;<\/p>\n<p style=\"text-align: center;\"><span style=\"color: #999999;\"><strong>Integrated<\/strong><\/span><br \/>\n<span style=\"color: #999999;\">Diabas<\/span><br \/>\n<span style=\"color: #999999;\">49 x 18 x 11 cm<\/span><\/p>\n<p><span style=\"color: #999999;\">In der Arbeit nehme ich Bezug darauf, dass das Leben ein Teil des Ganzen, des Ursprungs, des Universums ist. <\/span><br \/>\n<span style=\"color: #999999;\">Eine organische Form, die sich \u00fcber filigrane Kan\u00e4le noch vom umgebenen Stein ern\u00e4hrt und von ihm auch gesch\u00fctzt wird, erinnert an ein Organ oder Embryo. <\/span><br \/>\n<span style=\"color: #999999;\">Es geht mir in dieser Skulptur\u00a0 nicht nur darum, Sternenkindern zu gedenken, sondern es soll jedem Betrachter zeigen, dass ihr eigenes geschaffenes Leben, ihr eigener Nachwuchs immer ein eigenes Teil bleiben wird. Es gibt nicht nur <em>eine<\/em> Nabelschnur, die eine Verbindung schafft, sondern auch weitere gedankliche Kan\u00e4le und Br\u00fccken, die auch nach dem Tod weiter bestehen. <\/span><\/p>\n<p><span style=\"color: #999999;\">Dieser Entwurf wurde beim Bildhauerwettbewerb &#8222;Kinder-Gedenk-Ort Ricklingen&#8220; mit dem 3.Preis ausgezeichnet.<\/span><\/p>\n","protected":false},"excerpt":{"rendered":"<p>&nbsp; Integrated Diabas 49 x 18 x 11 cm In  [&#8230;]<\/p>\n","protected":false},"author":4,"featured_media":3415,"comment_status":"closed","ping_status":"open","sticky":false,"template":"","format":"standard","meta":{"footnotes":""},"categories":[54,2],"tags":[],"class_list":["post-3414","post","type-post","status-publish","format-standard","has-post-thumbnail","hentry","category-startseite","category-stein"],"_links":{"self":[{"href":"https:\/\/www.marc-bertram.de\/Skulpturen\/wp-json\/wp\/v2\/posts\/3414","targetHints":{"allow":["GET"]}}],"collection":[{"href":"https:\/\/www.marc-bertram.de\/Skulpturen\/wp-json\/wp\/v2\/posts"}],"about":[{"href":"https:\/\/www.marc-bertram.de\/Skulpturen\/wp-json\/wp\/v2\/types\/post"}],"author":[{"embeddable":true,"href":"https:\/\/www.marc-bertram.de\/Skulpturen\/wp-json\/wp\/v2\/users\/4"}],"replies":[{"embeddable":true,"href":"https:\/\/www.marc-bertram.de\/Skulpturen\/wp-json\/wp\/v2\/comments?post=3414"}],"version-history":[{"count":4,"href":"https:\/\/www.marc-bertram.de\/Skulpturen\/wp-json\/wp\/v2\/posts\/3414\/revisions"}],"predecessor-version":[{"id":4424,"href":"https:\/\/www.marc-bertram.de\/Skulpturen\/wp-json\/wp\/v2\/posts\/3414\/revisions\/4424"}],"wp:featuredmedia":[{"embeddable":true,"href":"https:\/\/www.marc-bertram.de\/Skulpturen\/wp-json\/wp\/v2\/media\/3415"}],"wp:attachment":[{"href":"https:\/\/www.marc-bertram.de\/Skulpturen\/wp-json\/wp\/v2\/media?parent=3414"}],"wp:term":[{"taxonomy":"category","embeddable":true,"href":"https:\/\/www.marc-bertram.de\/Skulpturen\/wp-json\/wp\/v2\/categories?post=3414"},{"taxonomy":"post_tag","embeddable":true,"href":"https:\/\/www.marc-bertram.de\/Skulpturen\/wp-json\/wp\/v2\/tags?post=3414"}],"curies":[{"name":"wp","href":"https:\/\/api.w.org\/{rel}","templated":true}]}}